{"id":9720,"date":"2023-12-01T17:00:00","date_gmt":"2023-12-01T17:00:00","guid":{"rendered":"https:\/\/casa.amando.hr\/?p=9720"},"modified":"2023-12-09T12:17:04","modified_gmt":"2023-12-09T12:17:04","slug":"bozicna-carolija-2023-u-istri","status":"publish","type":"post","link":"https:\/\/casa.amando.hr\/hr\/bozicna-carolija-2023-u-istri\/","title":{"rendered":"Bo\u017ei\u0107na \u010darolija 2023. u Istri"},"content":{"rendered":"","protected":false},"excerpt":{"rendered":"","protected":false},"author":1,"featured_media":9717,"comment_status":"closed","ping_status":"open","sticky":false,"template":"","format":"standard","meta":{"inline_featured_image":false,"footnotes":""},"categories":[53],"tags":[],"class_list":["post-9720","post","type-post","status-publish","format-standard","has-post-thumbnail","hentry","category-dogadanja"],"yoast_head":"<!-- This site is optimized with the Yoast SEO plugin v28.4 - https:\/\/yoast.com\/product\/yoast-seo-wordpress\/ -->\n<title>Bo\u017ei\u0107na \u010darolija 2023. u Istri - Casa Amando Eco Boutique House | Eco-friendly Boutique B&amp;B<\/title>\n<meta name=\"robots\" content=\"index, follow, max-snippet:-1, max-image-preview:large, max-video-preview:-1\" \/>\n<link rel=\"canonical\" href=\"https:\/\/casa.amando.hr\/hr\/bozicna-carolija-2023-u-istri\/\" \/>\n<meta property=\"og:locale\" content=\"hr_HR\" \/>\n<meta property=\"og:type\" content=\"article\" \/>\n<meta property=\"og:title\" content=\"Bo\u017ei\u0107na \u010darolija 2023. u Istri - Casa Amando Eco Boutique House | Eco-friendly Boutique B&amp;B\" \/>\n<meta property=\"og:url\" content=\"https:\/\/casa.amando.hr\/hr\/bozicna-carolija-2023-u-istri\/\" \/>\n<meta property=\"og:site_name\" content=\"Casa Amando Eco Boutique House | Eco-friendly Boutique B&amp;B\" \/>\n<meta property=\"article:publisher\" content=\"https:\/\/www.facebook.com\/CasaAmandoRovinj\/\" \/>\n<meta property=\"article:published_time\" content=\"2023-12-01T17:00:00+00:00\" \/>\n<meta property=\"article:modified_time\" content=\"2023-12-09T12:17:04+00:00\" \/>\n<meta property=\"og:image\" content=\"https:\/\/casa.amando.hr\/wp-content\/uploads\/2022\/12\/Christmas-tree.jpg\" \/>\n\t<meta property=\"og:image:width\" content=\"600\" \/>\n\t<meta property=\"og:image:height\" content=\"400\" \/>\n\t<meta property=\"og:image:type\" content=\"image\/jpeg\" \/>\n<meta name=\"author\" content=\"Marijana\" \/>\n<meta name=\"twitter:card\" content=\"summary_large_image\" \/>\n<meta name=\"twitter:creator\" content=\"@CasaAmando\" \/>\n<meta name=\"twitter:site\" content=\"@CasaAmando\" \/>\n<meta name=\"twitter:label1\" content=\"Napisao\/la\" \/>\n\t<meta name=\"twitter:data1\" content=\"Marijana\" \/>\n<script type=\"application\/ld+json\" class=\"yoast-schema-graph\">{\"@context\":\"https:\\\/\\\/schema.org\",\"@graph\":[{\"@type\":\"Article\",\"@id\":\"https:\\\/\\\/casa.amando.hr\\\/hr\\\/bozicna-carolija-2023-u-istri\\\/#article\",\"isPartOf\":{\"@id\":\"https:\\\/\\\/casa.amando.hr\\\/hr\\\/bozicna-carolija-2023-u-istri\\\/\"},\"author\":{\"name\":\"Marijana\",\"@id\":\"https:\\\/\\\/casa.amando.hr\\\/hr\\\/#\\\/schema\\\/person\\\/b74d48604be45d2b16024916ef9f55b3\"},\"headline\":\"Bo\u017ei\u0107na \u010darolija 2023. u Istri\",\"datePublished\":\"2023-12-01T17:00:00+00:00\",\"dateModified\":\"2023-12-09T12:17:04+00:00\",\"mainEntityOfPage\":{\"@id\":\"https:\\\/\\\/casa.amando.hr\\\/hr\\\/bozicna-carolija-2023-u-istri\\\/\"},\"wordCount\":6,\"publisher\":{\"@id\":\"https:\\\/\\\/casa.amando.hr\\\/hr\\\/#organization\"},\"image\":{\"@id\":\"https:\\\/\\\/casa.amando.hr\\\/hr\\\/bozicna-carolija-2023-u-istri\\\/#primaryimage\"},\"thumbnailUrl\":\"https:\\\/\\\/casa.amando.hr\\\/wp-content\\\/uploads\\\/2022\\\/12\\\/Christmas-tree.jpg\",\"articleSection\":[\"doga\u0111anja\"],\"inLanguage\":\"hr\"},{\"@type\":\"WebPage\",\"@id\":\"https:\\\/\\\/casa.amando.hr\\\/hr\\\/bozicna-carolija-2023-u-istri\\\/\",\"url\":\"https:\\\/\\\/casa.amando.hr\\\/hr\\\/bozicna-carolija-2023-u-istri\\\/\",\"name\":\"Bo\u017ei\u0107na \u010darolija 2023. u Istri - Casa Amando Eco Boutique House | Eco-friendly Boutique B&amp;B\",\"isPartOf\":{\"@id\":\"https:\\\/\\\/casa.amando.hr\\\/hr\\\/#website\"},\"primaryImageOfPage\":{\"@id\":\"https:\\\/\\\/casa.amando.hr\\\/hr\\\/bozicna-carolija-2023-u-istri\\\/#primaryimage\"},\"image\":{\"@id\":\"https:\\\/\\\/casa.amando.hr\\\/hr\\\/bozicna-carolija-2023-u-istri\\\/#primaryimage\"},\"thumbnailUrl\":\"https:\\\/\\\/casa.amando.hr\\\/wp-content\\\/uploads\\\/2022\\\/12\\\/Christmas-tree.jpg\",\"datePublished\":\"2023-12-01T17:00:00+00:00\",\"dateModified\":\"2023-12-09T12:17:04+00:00\",\"breadcrumb\":{\"@id\":\"https:\\\/\\\/casa.amando.hr\\\/hr\\\/bozicna-carolija-2023-u-istri\\\/#breadcrumb\"},\"inLanguage\":\"hr\",\"potentialAction\":[{\"@type\":\"ReadAction\",\"target\":[\"https:\\\/\\\/casa.amando.hr\\\/hr\\\/bozicna-carolija-2023-u-istri\\\/\"]}]},{\"@type\":\"ImageObject\",\"inLanguage\":\"hr\",\"@id\":\"https:\\\/\\\/casa.amando.hr\\\/hr\\\/bozicna-carolija-2023-u-istri\\\/#primaryimage\",\"url\":\"https:\\\/\\\/casa.amando.hr\\\/wp-content\\\/uploads\\\/2022\\\/12\\\/Christmas-tree.jpg\",\"contentUrl\":\"https:\\\/\\\/casa.amando.hr\\\/wp-content\\\/uploads\\\/2022\\\/12\\\/Christmas-tree.jpg\",\"width\":600,\"height\":400},{\"@type\":\"BreadcrumbList\",\"@id\":\"https:\\\/\\\/casa.amando.hr\\\/hr\\\/bozicna-carolija-2023-u-istri\\\/#breadcrumb\",\"itemListElement\":[{\"@type\":\"ListItem\",\"position\":1,\"name\":\"Home\",\"item\":\"https:\\\/\\\/casa.amando.hr\\\/hr\\\/pocetna\\\/\"},{\"@type\":\"ListItem\",\"position\":2,\"name\":\"Bo\u017ei\u0107na \u010darolija 2023. u Istri\"}]},{\"@type\":\"WebSite\",\"@id\":\"https:\\\/\\\/casa.amando.hr\\\/hr\\\/#website\",\"url\":\"https:\\\/\\\/casa.amando.hr\\\/hr\\\/\",\"name\":\"Casa Amando Eco Boutique House | Eco-friendly Boutique B&amp;B\",\"description\":\"Located &quot;at the most beautiful corner of Rovinj&quot; | Heart of the Old Town\",\"publisher\":{\"@id\":\"https:\\\/\\\/casa.amando.hr\\\/hr\\\/#organization\"},\"potentialAction\":[{\"@type\":\"SearchAction\",\"target\":{\"@type\":\"EntryPoint\",\"urlTemplate\":\"https:\\\/\\\/casa.amando.hr\\\/hr\\\/?s={search_term_string}\"},\"query-input\":{\"@type\":\"PropertyValueSpecification\",\"valueRequired\":true,\"valueName\":\"search_term_string\"}}],\"inLanguage\":\"hr\"},{\"@type\":\"Organization\",\"@id\":\"https:\\\/\\\/casa.amando.hr\\\/hr\\\/#organization\",\"name\":\"Casa Amando\",\"url\":\"https:\\\/\\\/casa.amando.hr\\\/hr\\\/\",\"logo\":{\"@type\":\"ImageObject\",\"inLanguage\":\"hr\",\"@id\":\"https:\\\/\\\/casa.amando.hr\\\/hr\\\/#\\\/schema\\\/logo\\\/image\\\/\",\"url\":\"https:\\\/\\\/casa.amando.hr\\\/wp-content\\\/uploads\\\/2020\\\/10\\\/logo-casa-amando-eco-domus-left2-302x32_antracit.png\",\"contentUrl\":\"https:\\\/\\\/casa.amando.hr\\\/wp-content\\\/uploads\\\/2020\\\/10\\\/logo-casa-amando-eco-domus-left2-302x32_antracit.png\",\"width\":302,\"height\":31,\"caption\":\"Casa Amando\"},\"image\":{\"@id\":\"https:\\\/\\\/casa.amando.hr\\\/hr\\\/#\\\/schema\\\/logo\\\/image\\\/\"},\"sameAs\":[\"https:\\\/\\\/www.facebook.com\\\/CasaAmandoRovinj\\\/\",\"https:\\\/\\\/x.com\\\/CasaAmando\",\"https:\\\/\\\/www.instagram.com\\\/casa.amando\\\/\"]},{\"@type\":\"Person\",\"@id\":\"https:\\\/\\\/casa.amando.hr\\\/hr\\\/#\\\/schema\\\/person\\\/b74d48604be45d2b16024916ef9f55b3\",\"name\":\"Marijana\",\"image\":{\"@type\":\"ImageObject\",\"inLanguage\":\"hr\",\"@id\":\"https:\\\/\\\/secure.gravatar.com\\\/avatar\\\/f62c7e89a39ca13dee1e712178a74a41262d3e807537825bd4b9810d2766e795?s=96&d=mm&r=g\",\"url\":\"https:\\\/\\\/secure.gravatar.com\\\/avatar\\\/f62c7e89a39ca13dee1e712178a74a41262d3e807537825bd4b9810d2766e795?s=96&d=mm&r=g\",\"contentUrl\":\"https:\\\/\\\/secure.gravatar.com\\\/avatar\\\/f62c7e89a39ca13dee1e712178a74a41262d3e807537825bd4b9810d2766e795?s=96&d=mm&r=g\",\"caption\":\"Marijana\"},\"url\":\"https:\\\/\\\/casa.amando.hr\\\/hr\\\/author\\\/adminama\\\/\"}]}<\/script>\n<!-- \/ Yoast SEO plugin. -->","yoast_head_json":{"title":"Bo\u017ei\u0107na \u010darolija 2023. u Istri - Casa Amando Eco Boutique House | Eco-friendly Boutique B&amp;B","robots":{"index":"index","follow":"follow","max-snippet":"max-snippet:-1","max-image-preview":"max-image-preview:large","max-video-preview":"max-video-preview:-1"},"canonical":"https:\/\/casa.amando.hr\/hr\/bozicna-carolija-2023-u-istri\/","og_locale":"hr_HR","og_type":"article","og_title":"Bo\u017ei\u0107na \u010darolija 2023. u Istri - Casa Amando Eco Boutique House | Eco-friendly Boutique B&amp;B","og_url":"https:\/\/casa.amando.hr\/hr\/bozicna-carolija-2023-u-istri\/","og_site_name":"Casa Amando Eco Boutique House | Eco-friendly Boutique B&amp;B","article_publisher":"https:\/\/www.facebook.com\/CasaAmandoRovinj\/","article_published_time":"2023-12-01T17:00:00+00:00","article_modified_time":"2023-12-09T12:17:04+00:00","og_image":[{"width":600,"height":400,"url":"https:\/\/casa.amando.hr\/wp-content\/uploads\/2022\/12\/Christmas-tree.jpg","type":"image\/jpeg"}],"author":"Marijana","twitter_card":"summary_large_image","twitter_creator":"@CasaAmando","twitter_site":"@CasaAmando","twitter_misc":{"Napisao\/la":"Marijana"},"schema":{"@context":"https:\/\/schema.org","@graph":[{"@type":"Article","@id":"https:\/\/casa.amando.hr\/hr\/bozicna-carolija-2023-u-istri\/#article","isPartOf":{"@id":"https:\/\/casa.amando.hr\/hr\/bozicna-carolija-2023-u-istri\/"},"author":{"name":"Marijana","@id":"https:\/\/casa.amando.hr\/hr\/#\/schema\/person\/b74d48604be45d2b16024916ef9f55b3"},"headline":"Bo\u017ei\u0107na \u010darolija 2023. u Istri","datePublished":"2023-12-01T17:00:00+00:00","dateModified":"2023-12-09T12:17:04+00:00","mainEntityOfPage":{"@id":"https:\/\/casa.amando.hr\/hr\/bozicna-carolija-2023-u-istri\/"},"wordCount":6,"publisher":{"@id":"https:\/\/casa.amando.hr\/hr\/#organization"},"image":{"@id":"https:\/\/casa.amando.hr\/hr\/bozicna-carolija-2023-u-istri\/#primaryimage"},"thumbnailUrl":"https:\/\/casa.amando.hr\/wp-content\/uploads\/2022\/12\/Christmas-tree.jpg","articleSection":["doga\u0111anja"],"inLanguage":"hr"},{"@type":"WebPage","@id":"https:\/\/casa.amando.hr\/hr\/bozicna-carolija-2023-u-istri\/","url":"https:\/\/casa.amando.hr\/hr\/bozicna-carolija-2023-u-istri\/","name":"Bo\u017ei\u0107na \u010darolija 2023. u Istri - Casa Amando Eco Boutique House | Eco-friendly Boutique B&amp;B","isPartOf":{"@id":"https:\/\/casa.amando.hr\/hr\/#website"},"primaryImageOfPage":{"@id":"https:\/\/casa.amando.hr\/hr\/bozicna-carolija-2023-u-istri\/#primaryimage"},"image":{"@id":"https:\/\/casa.amando.hr\/hr\/bozicna-carolija-2023-u-istri\/#primaryimage"},"thumbnailUrl":"https:\/\/casa.amando.hr\/wp-content\/uploads\/2022\/12\/Christmas-tree.jpg","datePublished":"2023-12-01T17:00:00+00:00","dateModified":"2023-12-09T12:17:04+00:00","breadcrumb":{"@id":"https:\/\/casa.amando.hr\/hr\/bozicna-carolija-2023-u-istri\/#breadcrumb"},"inLanguage":"hr","potentialAction":[{"@type":"ReadAction","target":["https:\/\/casa.amando.hr\/hr\/bozicna-carolija-2023-u-istri\/"]}]},{"@type":"ImageObject","inLanguage":"hr","@id":"https:\/\/casa.amando.hr\/hr\/bozicna-carolija-2023-u-istri\/#primaryimage","url":"https:\/\/casa.amando.hr\/wp-content\/uploads\/2022\/12\/Christmas-tree.jpg","contentUrl":"https:\/\/casa.amando.hr\/wp-content\/uploads\/2022\/12\/Christmas-tree.jpg","width":600,"height":400},{"@type":"BreadcrumbList","@id":"https:\/\/casa.amando.hr\/hr\/bozicna-carolija-2023-u-istri\/#breadcrumb","itemListElement":[{"@type":"ListItem","position":1,"name":"Home","item":"https:\/\/casa.amando.hr\/hr\/pocetna\/"},{"@type":"ListItem","position":2,"name":"Bo\u017ei\u0107na \u010darolija 2023. u Istri"}]},{"@type":"WebSite","@id":"https:\/\/casa.amando.hr\/hr\/#website","url":"https:\/\/casa.amando.hr\/hr\/","name":"Casa Amando Eco Boutique House | Eco-friendly Boutique B&amp;B","description":"Located &quot;at the most beautiful corner of Rovinj&quot; | Heart of the Old Town","publisher":{"@id":"https:\/\/casa.amando.hr\/hr\/#organization"},"potentialAction":[{"@type":"SearchAction","target":{"@type":"EntryPoint","urlTemplate":"https:\/\/casa.amando.hr\/hr\/?s={search_term_string}"},"query-input":{"@type":"PropertyValueSpecification","valueRequired":true,"valueName":"search_term_string"}}],"inLanguage":"hr"},{"@type":"Organization","@id":"https:\/\/casa.amando.hr\/hr\/#organization","name":"Casa Amando","url":"https:\/\/casa.amando.hr\/hr\/","logo":{"@type":"ImageObject","inLanguage":"hr","@id":"https:\/\/casa.amando.hr\/hr\/#\/schema\/logo\/image\/","url":"https:\/\/casa.amando.hr\/wp-content\/uploads\/2020\/10\/logo-casa-amando-eco-domus-left2-302x32_antracit.png","contentUrl":"https:\/\/casa.amando.hr\/wp-content\/uploads\/2020\/10\/logo-casa-amando-eco-domus-left2-302x32_antracit.png","width":302,"height":31,"caption":"Casa Amando"},"image":{"@id":"https:\/\/casa.amando.hr\/hr\/#\/schema\/logo\/image\/"},"sameAs":["https:\/\/www.facebook.com\/CasaAmandoRovinj\/","https:\/\/x.com\/CasaAmando","https:\/\/www.instagram.com\/casa.amando\/"]},{"@type":"Person","@id":"https:\/\/casa.amando.hr\/hr\/#\/schema\/person\/b74d48604be45d2b16024916ef9f55b3","name":"Marijana","image":{"@type":"ImageObject","inLanguage":"hr","@id":"https:\/\/secure.gravatar.com\/avatar\/f62c7e89a39ca13dee1e712178a74a41262d3e807537825bd4b9810d2766e795?s=96&d=mm&r=g","url":"https:\/\/secure.gravatar.com\/avatar\/f62c7e89a39ca13dee1e712178a74a41262d3e807537825bd4b9810d2766e795?s=96&d=mm&r=g","contentUrl":"https:\/\/secure.gravatar.com\/avatar\/f62c7e89a39ca13dee1e712178a74a41262d3e807537825bd4b9810d2766e795?s=96&d=mm&r=g","caption":"Marijana"},"url":"https:\/\/casa.amando.hr\/hr\/author\/adminama\/"}]}},"_links":{"self":[{"href":"https:\/\/casa.amando.hr\/hr\/wp-json\/wp\/v2\/posts\/9720","targetHints":{"allow":["GET"]}}],"collection":[{"href":"https:\/\/casa.amando.hr\/hr\/wp-json\/wp\/v2\/posts"}],"about":[{"href":"https:\/\/casa.amando.hr\/hr\/wp-json\/wp\/v2\/types\/post"}],"author":[{"embeddable":true,"href":"https:\/\/casa.amando.hr\/hr\/wp-json\/wp\/v2\/users\/1"}],"replies":[{"embeddable":true,"href":"https:\/\/casa.amando.hr\/hr\/wp-json\/wp\/v2\/comments?post=9720"}],"version-history":[{"count":0,"href":"https:\/\/casa.amando.hr\/hr\/wp-json\/wp\/v2\/posts\/9720\/revisions"}],"wp:featuredmedia":[{"embeddable":true,"href":"https:\/\/casa.amando.hr\/hr\/wp-json\/wp\/v2\/media\/9717"}],"wp:attachment":[{"href":"https:\/\/casa.amando.hr\/hr\/wp-json\/wp\/v2\/media?parent=9720"}],"wp:term":[{"taxonomy":"category","embeddable":true,"href":"https:\/\/casa.amando.hr\/hr\/wp-json\/wp\/v2\/categories?post=9720"},{"taxonomy":"post_tag","embeddable":true,"href":"https:\/\/casa.amando.hr\/hr\/wp-json\/wp\/v2\/tags?post=9720"}],"curies":[{"name":"wp","href":"https:\/\/api.w.org\/{rel}","templated":true}]}}